{"id":119830,"date":"2025-11-05T23:10:50","date_gmt":"2025-11-06T04:10:50","guid":{"rendered":"https:\/\/dgtilai.com\/debloquer-le-mode-professionnel-une-excellente-facon-de-transformer-votre-profil-facebook-en-profil-professionnel\/"},"modified":"2026-04-05T12:48:13","modified_gmt":"2026-04-05T17:48:13","slug":"debloquer-le-mode-professionnel-une-excellente-facon-de-transformer-votre-profil-facebook-en-profil-professionnel","status":"publish","type":"post","link":"https:\/\/dgtil.ai\/fr\/debloquer-le-mode-professionnel-une-excellente-facon-de-transformer-votre-profil-facebook-en-profil-professionnel\/","title":{"rendered":"D\u00e9bloquer le\u00a0Mode\u00a0professionnel\u00a0: une excellente fa\u00e7on de transformer votre profil Facebook personnel en profil\u00a0professionnel"},"content":{"rendered":"<p>[et_pb_section fb_built=\u00a0\u00bb1&Prime; _builder_version=\u00a0\u00bb4.27.5&Prime; _module_preset=\u00a0\u00bbdefault\u00a0\u00bb background_color=\u00a0\u00bbgcid-primary-color\u00a0\u00bb background_enable_image=\u00a0\u00bboff\u00a0\u00bb parallax=\u00a0\u00bbon\u00a0\u00bb background_pattern_repeat_origin=\u00a0\u00bbbottom_right\u00a0\u00bb background_pattern_vertical_offset=\u00a0\u00bb-21%\u00a0\u00bb bottom_divider_style=\u00a0\u00bbasymmetric\u00a0\u00bb bottom_divider_color=\u00a0\u00bbgcid-a98db1a7-84b9-4fab-a744-b7fa8daf17d2&Prime; bottom_divider_height=\u00a0\u00bb190px\u00a0\u00bb bottom_divider_flip=\u00a0\u00bbhorizontal\u00a0\u00bb background_last_edited=\u00a0\u00bbon|desktop\u00a0\u00bb collapsed=\u00a0\u00bbon\u00a0\u00bb global_colors_info=\u00a0\u00bb{%22gcid-a98db1a7-84b9-4fab-a744-b7fa8daf17d2%22:%91%22bottom_divider_color%22,%22background_pattern_color%22%93,%22gcid-8544a4e2-27b8-420a-83de-1cee04f2fb29%22:%91%22background_mask_color%22%93,%22gcid-primary-color%22:%91%22background_color%22,%22background_color__hover%22%93}\u00a0\u00bb background_color__hover=\u00a0\u00bb#16155a\u00a0\u00bb background__hover_enabled=\u00a0\u00bbon|hover\u00a0\u00bb background_enable_color__hover=\u00a0\u00bbon\u00a0\u00bb use_background_color_gradient__hover=\u00a0\u00bboff\u00a0\u00bb][et_pb_row _builder_version=\u00a0\u00bb4.27.4&Prime; _module_preset=\u00a0\u00bb23508cca-800d-45b6-9f3a-0551f346a0d1&Prime; global_colors_info=\u00a0\u00bb{}\u00a0\u00bb][et_pb_column type=\u00a0\u00bb4_4&Prime; _builder_version=\u00a0\u00bb4.27.4&Prime; _module_preset=\u00a0\u00bbdefault\u00a0\u00bb global_colors_info=\u00a0\u00bb{}\u00a0\u00bb][et_pb_post_title title=\u00a0\u00bboff\u00a0\u00bb author=\u00a0\u00bboff\u00a0\u00bb date=\u00a0\u00bboff\u00a0\u00bb comments=\u00a0\u00bboff\u00a0\u00bb featured_image=\u00a0\u00bboff\u00a0\u00bb text_color=\u00a0\u00bblight\u00a0\u00bb _builder_version=\u00a0\u00bb4.27.5&Prime; _module_preset=\u00a0\u00bbdefault\u00a0\u00bb title_text_color=\u00a0\u00bb#FFFFFF\u00a0\u00bb meta_font_size=\u00a0\u00bb11px\u00a0\u00bb text_orientation=\u00a0\u00bbcenter\u00a0\u00bb global_colors_info=\u00a0\u00bb{}\u00a0\u00bb][\/et_pb_post_title][et_pb_text _builder_version=\u00a0\u00bb4.27.5&Prime; _module_preset=\u00a0\u00bbdefault\u00a0\u00bb text_text_color=\u00a0\u00bbgcid-727738d7-b724-4b5d-816a-6d131799edd7&Prime; link_text_color=\u00a0\u00bb#009fe3&Prime; ul_text_color=\u00a0\u00bb#000000&Prime; ol_text_color=\u00a0\u00bb#000000&Prime; header_font=\u00a0\u00bb|300|||||||\u00a0\u00bb header_text_align=\u00a0\u00bbcenter\u00a0\u00bb header_text_color=\u00a0\u00bb#FFFFFF\u00a0\u00bb header_font_size=\u00a0\u00bb50px\u00a0\u00bb header_3_text_color=\u00a0\u00bb#FFFFFF\u00a0\u00bb header_4_font=\u00a0\u00bb|700|||||||\u00a0\u00bb header_4_text_color=\u00a0\u00bb#FFFFFF\u00a0\u00bb global_colors_info=\u00a0\u00bb{%22gcid-727738d7-b724-4b5d-816a-6d131799edd7%22:%91%22text_text_color%22%93}\u00a0\u00bb]<\/p>\n<h1>D\u00e9bloquer le Mode professionnel : une excellente fa\u00e7on de transformer votre profil Facebook personnel en profil professionnel<\/h1>\n<p>&nbsp;<\/p>\n<h3 style=\"text-align: center;\">Transformez votre profil en vitrine professionnelle \u2014 visibilit\u00e9, analyses et opportunit\u00e9s r\u00e9unies en un seul endroit.<\/h3>\n<p>[\/et_pb_text][et_pb_code _builder_version=\u00a0\u00bb4.27.6&Prime; _module_preset=\u00a0\u00bbdefault\u00a0\u00bb text_orientation=\u00a0\u00bbcenter\u00a0\u00bb hover_enabled=\u00a0\u00bb0&Prime; global_colors_info=\u00a0\u00bb{}\u00a0\u00bb sticky_enabled=\u00a0\u00bb0&Prime;][Sassy_Social_Share][\/et_pb_code][et_pb_image src=\u00a0\u00bbhttps:\/\/dgtil.ai\/wp-content\/uploads\/2025\/11\/mode-professionnel-facebook.jpg\u00a0\u00bb alt=\u00a0\u00bbD\u00e9bloquer le Mode professionnel : une excellente fa\u00e7on de transformer votre profil Facebook personnel en profil professionnel\u00a0\u00bb title_text=\u00a0\u00bbmode-professionnel-facebook\u00a0\u00bb align=\u00a0\u00bbcenter\u00a0\u00bb _builder_version=\u00a0\u00bb4.27.5&Prime; _module_preset=\u00a0\u00bbdefault\u00a0\u00bb width=\u00a0\u00bb80%\u00a0\u00bb custom_margin=\u00a0\u00bb60px||||false|false\u00a0\u00bb border_radii=\u00a0\u00bbon|18px|18px|18px|18px\u00a0\u00bb global_colors_info=\u00a0\u00bb{}\u00a0\u00bb][\/et_pb_image][\/et_pb_column][\/et_pb_row][\/et_pb_section][et_pb_section fb_built=\u00a0\u00bb1&Prime; _builder_version=\u00a0\u00bb4.27.6&Prime; _module_preset=\u00a0\u00bbdefault\u00a0\u00bb hover_enabled=\u00a0\u00bb0&Prime; collapsed=\u00a0\u00bbon\u00a0\u00bb global_colors_info=\u00a0\u00bb{}\u00a0\u00bb background_color=\u00a0\u00bb#FFFFFF\u00a0\u00bb sticky_enabled=\u00a0\u00bb0&Prime;][et_pb_row _builder_version=\u00a0\u00bb4.27.4&Prime; _module_preset=\u00a0\u00bbdefault\u00a0\u00bb background_enable_color=\u00a0\u00bboff\u00a0\u00bb global_colors_info=\u00a0\u00bb{}\u00a0\u00bb][et_pb_column type=\u00a0\u00bb4_4&Prime; _builder_version=\u00a0\u00bb4.27.4&Prime; _module_preset=\u00a0\u00bbdefault\u00a0\u00bb global_colors_info=\u00a0\u00bb{}\u00a0\u00bb][et_pb_text _builder_version=\u00a0\u00bb4.27.4&Prime; _module_preset=\u00a0\u00bbdefault\u00a0\u00bb header_text_color=\u00a0\u00bbgcid-primary-color\u00a0\u00bb header_font_size=\u00a0\u00bb54px\u00a0\u00bb header_2_font=\u00a0\u00bb||||||||\u00a0\u00bb header_2_text_color=\u00a0\u00bbgcid-primary-color\u00a0\u00bb header_2_font_size=\u00a0\u00bb34px\u00a0\u00bb header_3_font=\u00a0\u00bb||||||||\u00a0\u00bb header_3_text_color=\u00a0\u00bb#000000&Prime; header_3_font_size=\u00a0\u00bb24px\u00a0\u00bb header_4_text_color=\u00a0\u00bb#000000&Prime; custom_padding=\u00a0\u00bb||0px|||\u00a0\u00bb custom_css_free_form=\u00a0\u00bbh2 { padding-top:20px ||}||p { padding-left:50px ||}||h3 { padding-left:50px ||}\u00a0\u00bb global_colors_info=\u00a0\u00bb{%22gcid-primary-color%22:%91%22header_text_color%22,%22header_2_text_color%22%93}\u00a0\u00bb]<\/p>\n<h1>D\u00e9bloquer le Mode Professionnel : la nouvelle fa\u00e7on de transformer votre profil Facebook<\/h1>\n<h2>Introduction<\/h2>\n<p>Facebook (aujourd\u2019hui Meta) continue d\u2019\u00e9voluer afin de s\u2019adapter aux besoins de ses utilisateurs. Si, pendant longtemps, la plateforme proposait une distinction stricte entre <strong>profils personnels<\/strong> et <strong>Pages professionnelles<\/strong>, une nouvelle fonctionnalit\u00e9 change d\u00e9sormais la donne : le <strong>Mode Professionnel pour les profils<\/strong>.<\/p>\n<p>Gr\u00e2ce \u00e0 ce mode, un utilisateur peut conserver son compte personnel tout en le faisant \u00e9voluer vers un v\u00e9ritable outil de visibilit\u00e9, d\u2019analyse et m\u00eame de mon\u00e9tisation. En d\u2019autres termes, il n\u2019est plus n\u00e9cessaire de jongler entre un profil priv\u00e9 et une Page publique : un seul et m\u00eame compte peut d\u00e9sormais combiner les deux univers.<\/p>\n<hr \/>\n<h2>Qu\u2019est-ce que le Mode Professionnel ?<\/h2>\n<p>Le <strong>Mode Professionnel<\/strong> est un param\u00e8tre que l\u2019on peut activer directement depuis son profil personnel. Une fois activ\u00e9, votre profil se transforme en une vitrine publique ouverte aux abonn\u00e9s. Vos publications peuvent \u00eatre d\u00e9couvertes plus facilement, vos statistiques de performance deviennent accessibles, et vous pouvez m\u00eame avoir acc\u00e8s \u00e0 des options de mon\u00e9tisation.<\/p>\n<p>L\u2019objectif de Meta est clair : donner aux <strong>cr\u00e9ateurs de contenu<\/strong>, aux <strong>influenceurs<\/strong>, aux <strong>freelances<\/strong> ou encore aux <strong>artistes<\/strong> les m\u00eames outils que les Pages professionnelles, tout en leur permettant de rester sur leur profil principal.<\/p>\n<p>En r\u00e9sum\u00e9, il s\u2019agit d\u2019un pont entre la vie personnelle et l\u2019activit\u00e9 professionnelle sur Facebook.<\/p>\n<hr \/>\n<h2>Pourquoi Meta a lanc\u00e9 le Mode Professionnel ?<\/h2>\n<p>Plusieurs raisons expliquent cette innovation :<\/p>\n<ol>\n<li><strong>Faciliter la vie des cr\u00e9ateurs<\/strong><br \/>De nombreux utilisateurs \u00e9taient contraints de cr\u00e9er une Page pour toucher un public plus large. Or, g\u00e9rer \u00e0 la fois un profil et une Page pouvait \u00eatre lourd et confus. Avec le Mode Professionnel, tout est centralis\u00e9.<\/li>\n<li><strong>R\u00e9pondre \u00e0 la mont\u00e9e en puissance des cr\u00e9ateurs<\/strong><br \/>Les cr\u00e9ateurs sont d\u00e9sormais au c\u0153ur de la strat\u00e9gie de Meta. Ils produisent du contenu qui attire l\u2019attention et retient l\u2019audience. En leur donnant des outils professionnels directement sur leur profil, Meta esp\u00e8re les fid\u00e9liser.<\/li>\n<li><strong>Offrir de nouvelles opportunit\u00e9s de mon\u00e9tisation<\/strong><br \/>Les revenus g\u00e9n\u00e9r\u00e9s par les Reels, les publicit\u00e9s ou les abonnements sont d\u00e9sormais accessibles \u00e0 un plus grand nombre d\u2019utilisateurs, ce qui incite \u00e0 cr\u00e9er davantage de contenu sur la plateforme.<\/li>\n<li><strong>Simplifier l\u2019exp\u00e9rience utilisateur<\/strong><br \/>Beaucoup se perdaient entre profil personnel, Page professionnelle, et Business Suite. Le Mode Professionnel vise \u00e0 r\u00e9duire cette complexit\u00e9.<\/li>\n<\/ol>\n<hr \/>\n<h2>Les avantages du Mode Professionnel<\/h2>\n<h3>1. Une biographie enrichie<\/h3>\n<p>Votre profil affiche d\u00e9sormais un <strong>r\u00f4le professionnel<\/strong> (ex. : cr\u00e9ateur, auteur, musicien, coach), ce qui donne plus de cr\u00e9dibilit\u00e9 et clarifie votre identit\u00e9 en ligne.<\/p>\n<h3>2. Des outils de confidentialit\u00e9 renforc\u00e9s<\/h3>\n<p>Vous gardez un contr\u00f4le total : vos publications personnelles peuvent rester priv\u00e9es, tandis que vos publications publiques touchent un public plus large.<\/p>\n<h3>3. Une meilleure visibilit\u00e9<\/h3>\n<p>Les publications en mode professionnel peuvent appara\u00eetre dans les recommandations publiques, augmentant ainsi la port\u00e9e organique de votre contenu.<\/p>\n<h3>4. Des outils d\u2019analyse int\u00e9gr\u00e9s<\/h3>\n<p>Vous acc\u00e9dez \u00e0 des statistiques pr\u00e9cises : nombre d\u2019abonn\u00e9s, engagement, port\u00e9e, interactions. Ces donn\u00e9es vous aident \u00e0 ajuster votre strat\u00e9gie de contenu.<\/p>\n<h3>5. De nouvelles opportunit\u00e9s de revenus<\/h3>\n<p>Les cr\u00e9ateurs \u00e9ligibles peuvent b\u00e9n\u00e9ficier de la <strong>mon\u00e9tisation<\/strong> :<\/p>\n<ul>\n<li>Publicit\u00e9s int\u00e9gr\u00e9es aux vid\u00e9os (In-Stream Ads)<\/li>\n<li>Revenus g\u00e9n\u00e9r\u00e9s par les <strong>Reels<\/strong><\/li>\n<li><strong>Abonnements payants<\/strong> donnant acc\u00e8s \u00e0 du contenu exclusif<\/li>\n<li>Partenariats avec des marques via les outils de collaboration<\/li>\n<\/ul>\n<h3>6. Pas besoin de compte s\u00e9par\u00e9<\/h3>\n<p>Inutile de g\u00e9rer \u00e0 la fois un profil personnel et une Page : un seul espace r\u00e9unit d\u00e9sormais vos deux facettes.<\/p>\n<hr \/>\n<h2>Les inconv\u00e9nients \u00e0 prendre en compte<\/h2>\n<p>Malgr\u00e9 ses nombreux avantages, le Mode Professionnel comporte aussi quelques limites :<\/p>\n<ul>\n<li><strong>Moins de s\u00e9paration entre vie priv\u00e9e et professionnelle<\/strong> : il faut \u00eatre vigilant dans la gestion de ses publications.<\/li>\n<li><strong>Pas de r\u00f4les partag\u00e9s<\/strong> : contrairement aux Pages, vous ne pouvez pas d\u00e9l\u00e9guer la gestion \u00e0 une \u00e9quipe.<\/li>\n<li><strong>Incompatibilit\u00e9 avec Meta Business Suite<\/strong> : certains outils avanc\u00e9s ne sont pas disponibles.<\/li>\n<li><strong>Transition parfois impos\u00e9e<\/strong> : certains utilisateurs ont vu leur profil automatiquement basculer en Mode Professionnel, ce qui a suscit\u00e9 de la confusion et des inqui\u00e9tudes li\u00e9es \u00e0 la confidentialit\u00e9.<\/li>\n<li><strong>Fonctionnalit\u00e9 en d\u00e9ploiement progressif<\/strong> : elle n\u2019est pas encore accessible \u00e0 tous les comptes.<\/li>\n<\/ul>\n<hr \/>\n<h2>Comment activer le Mode Professionnel sur Facebook ?<\/h2>\n<p>L\u2019activation est simple et se fait en quelques \u00e9tapes :<\/p>\n<ol>\n<li>Connectez-vous \u00e0 votre compte Facebook.<\/li>\n<li>Rendez-vous sur votre <strong>profil<\/strong>.<\/li>\n<li>Cliquez sur <strong>Modifier le profil<\/strong>.<\/li>\n<li>S\u00e9lectionnez <strong>Activer le Mode Professionnel<\/strong>.<\/li>\n<li>Choisissez une <strong>cat\u00e9gorie professionnelle<\/strong> (par ex. : cr\u00e9ateur de contenu, consultant, \u00e9crivain).<\/li>\n<li>Configurez vos param\u00e8tres de visibilit\u00e9 (priv\u00e9\/public).<\/li>\n<li>Enregistrez et commencez \u00e0 utiliser votre nouveau profil professionnel.<\/li>\n<\/ol>\n<p>\ud83d\udc49 Vous pouvez \u00e0 tout moment revenir au <strong>Mode Personnel<\/strong>, mais vous perdrez alors l\u2019acc\u00e8s aux outils d\u2019analyse et aux options de mon\u00e9tisation.<\/p>\n<hr \/>\n<h2>R\u00e9actions et exp\u00e9riences d\u2019utilisateurs<\/h2>\n<p>Depuis son lancement, les r\u00e9actions sont partag\u00e9es.<\/p>\n<ul>\n<li>Certains cr\u00e9ateurs appr\u00e9cient la simplicit\u00e9 et la visibilit\u00e9 accrue.<\/li>\n<li>D\u2019autres d\u00e9plorent un manque de s\u00e9paration entre vie priv\u00e9e et professionnelle.<\/li>\n<li>Sur des forums comme Reddit, des utilisateurs ont exprim\u00e9 un sentiment d\u2019intrusion lorsque leur profil a \u00e9t\u00e9 converti sans qu\u2019ils en fassent explicitement la demande.<\/li>\n<\/ul>\n<p>Ces t\u00e9moignages montrent qu\u2019il est crucial de bien comprendre et configurer ses param\u00e8tres de confidentialit\u00e9 avant de se lancer.<\/p>\n<hr \/>\n<h2>Comparaison avec une Page Facebook<\/h2>\n<p>Le Mode Professionnel ressemble \u00e0 une Page, mais il existe des diff\u00e9rences cl\u00e9s :<\/p>\n<table>\n<thead>\n<tr>\n<th>Fonctionnalit\u00e9<\/th>\n<th>Mode Professionnel<\/th>\n<th>Page Facebook<\/th>\n<\/tr>\n<\/thead>\n<tbody>\n<tr>\n<td>Gestion par plusieurs personnes<\/td>\n<td>\u274c Impossible<\/td>\n<td>\u2705 Oui, r\u00f4les attribuables<\/td>\n<\/tr>\n<tr>\n<td>Statistiques &amp; Insights<\/td>\n<td>\u2705 Oui<\/td>\n<td>\u2705 Oui<\/td>\n<\/tr>\n<tr>\n<td>Mon\u00e9tisation<\/td>\n<td>\u2705 Oui (selon \u00e9ligibilit\u00e9)<\/td>\n<td>\u2705 Oui<\/td>\n<\/tr>\n<tr>\n<td>Accessibilit\u00e9 Business Suite<\/td>\n<td>\u274c Non<\/td>\n<td>\u2705 Oui<\/td>\n<\/tr>\n<tr>\n<td>S\u00e9paration priv\u00e9\/pro<\/td>\n<td>\u274c Moins claire<\/td>\n<td>\u2705 Totale<\/td>\n<\/tr>\n<tr>\n<td>Cr\u00e9ation simplifi\u00e9e<\/td>\n<td>\u2705 Directement via profil<\/td>\n<td>\u274c Requiert une Page distincte<\/td>\n<\/tr>\n<\/tbody>\n<\/table>\n<hr \/>\n<h2>Conclusion<\/h2>\n<p>Le <strong>Mode Professionnel<\/strong> de Facebook est une innovation majeure qui refl\u00e8te la strat\u00e9gie actuelle de Meta : mettre les cr\u00e9ateurs de contenu au centre de son \u00e9cosyst\u00e8me.<\/p>\n<p>Il permet de <strong>transformer un profil personnel en v\u00e9ritable outil professionnel<\/strong>, tout en conservant une dimension personnelle. C\u2019est un choix particuli\u00e8rement int\u00e9ressant pour les <strong>ind\u00e9pendants, artistes, influenceurs, freelances et cr\u00e9ateurs<\/strong> qui veulent d\u00e9velopper leur audience sans multiplier les comptes.<\/p>\n<p>Cependant, il n\u2019est pas forc\u00e9ment adapt\u00e9 aux <strong>entreprises structur\u00e9es<\/strong> qui n\u00e9cessitent une gestion partag\u00e9e et des outils avanc\u00e9s comme Meta Business Suite.<\/p>\n<h3>En r\u00e9sum\u00e9 :<\/h3>\n<ul>\n<li>Si vous \u00eates <strong>cr\u00e9ateur individuel<\/strong> \u2192 le Mode Professionnel est une excellente opportunit\u00e9.<\/li>\n<li>Si vous \u00eates <strong>une entreprise ou une \u00e9quipe<\/strong> \u2192 mieux vaut rester sur une Page.<\/li>\n<\/ul>\n<hr \/>\n<p>[\/et_pb_text][\/et_pb_column][\/et_pb_row][et_pb_row use_custom_gutter=\u00a0\u00bbon\u00a0\u00bb _builder_version=\u00a0\u00bb4.27.5&Prime; width=\u00a0\u00bb1413px\u00a0\u00bb custom_padding=\u00a0\u00bb||0px|||\u00a0\u00bb collapsed=\u00a0\u00bbon\u00a0\u00bb global_colors_info=\u00a0\u00bb{}\u00a0\u00bb][et_pb_column type=\u00a0\u00bb4_4&Prime; _builder_version=\u00a0\u00bb4.23.1&Prime; global_colors_info=\u00a0\u00bb{}\u00a0\u00bb][et_pb_text _builder_version=\u00a0\u00bb4.27.5&Prime; header_3_font=\u00a0\u00bb||on|||||#EDF000|solid\u00a0\u00bb header_3_text_align=\u00a0\u00bbcenter\u00a0\u00bb header_3_font_size=\u00a0\u00bb2.6rem\u00a0\u00bb header_3_line_height=\u00a0\u00bb1.4em\u00a0\u00bb custom_margin_tablet=\u00a0\u00bb|70px||70px|true|true\u00a0\u00bb custom_margin_phone=\u00a0\u00bb|30px||30px|true|true\u00a0\u00bb custom_margin_last_edited=\u00a0\u00bbon|phone\u00a0\u00bb header_3_font_size_tablet=\u00a0\u00bb1.7rem\u00a0\u00bb header_3_font_size_phone=\u00a0\u00bb1.3rem\u00a0\u00bb global_colors_info=\u00a0\u00bb{}\u00a0\u00bb]<\/p>\n<h3>\ud83d\udc49 Facebook cherche ici \u00e0 red\u00e9finir la fronti\u00e8re entre personnel et professionnel. Le Mode Professionnel n\u2019est pas qu\u2019une fonctionnalit\u00e9 technique : il symbolise une nouvelle mani\u00e8re de concevoir son identit\u00e9 num\u00e9rique.<\/h3>\n<p>[\/et_pb_text][\/et_pb_column][\/et_pb_row][et_pb_row _builder_version=\u00a0\u00bb4.27.4&Prime; _module_preset=\u00a0\u00bbdefault\u00a0\u00bb collapsed=\u00a0\u00bbon\u00a0\u00bb global_colors_info=\u00a0\u00bb{}\u00a0\u00bb][et_pb_column type=\u00a0\u00bb4_4&Prime; _builder_version=\u00a0\u00bb4.27.4&Prime; _module_preset=\u00a0\u00bbdefault\u00a0\u00bb global_colors_info=\u00a0\u00bb{}\u00a0\u00bb][et_pb_text _builder_version=\u00a0\u00bb4.27.4&Prime; _module_preset=\u00a0\u00bbdefault\u00a0\u00bb link_font=\u00a0\u00bb|700|||on|||gcid-3b199667-58d2-4388-a320-33a858c66cfd|\u00a0\u00bb header_6_font_size=\u00a0\u00bb16px\u00a0\u00bb global_colors_info=\u00a0\u00bb{}\u00a0\u00bb]<\/p>\n<h6><a href=\"https:\/\/creators.facebook.com\/professional-mode-for-profiles\">Introducing Professional Mode for Profiles<\/a>, Facebook Annoucements for Creators, D<span>ecember 8, 2021<br \/><\/span><span><a href=\"https:\/\/creators.facebook.com\/blog\/professional-dashboard-web\" target=\"_blank\" rel=\"noopener\" title=\"Professional Dashboard on Web Gets a Refresh\">Professional Dashboard on Web Gets a Refresh<\/a>, Facebook Annoucements for Creators, August 14, 2025<\/span><\/h6>\n<p>[\/et_pb_text][\/et_pb_column][\/et_pb_row][\/et_pb_section][et_pb_section fb_built=\u00a0\u00bb1&Prime; theme_builder_area=\u00a0\u00bbpost_content\u00a0\u00bb _builder_version=\u00a0\u00bb4.27.6&Prime; _module_preset=\u00a0\u00bbdefault\u00a0\u00bb hover_enabled=\u00a0\u00bb0&Prime; sticky_enabled=\u00a0\u00bb0&Prime; global_colors_info=\u00a0\u00bb{%22gcid-2ae58590-0096-48c1-9dc4-39dc740230d2%22:%91%22background_color%22%93}\u00a0\u00bb background_color=\u00a0\u00bbgcid-2ae58590-0096-48c1-9dc4-39dc740230d2&Prime;][et_pb_row _builder_version=\u00a0\u00bb4.27.6&Prime; _module_preset=\u00a0\u00bbdefault\u00a0\u00bb theme_builder_area=\u00a0\u00bbpost_content\u00a0\u00bb][et_pb_column _builder_version=\u00a0\u00bb4.27.6&Prime; _module_preset=\u00a0\u00bbdefault\u00a0\u00bb type=\u00a0\u00bb4_4&Prime; theme_builder_area=\u00a0\u00bbpost_content\u00a0\u00bb][et_pb_comments _builder_version=\u00a0\u00bb4.27.6&Prime; _module_preset=\u00a0\u00bbdefault\u00a0\u00bb theme_builder_area=\u00a0\u00bbpost_content\u00a0\u00bb hover_enabled=\u00a0\u00bb0&Prime; sticky_enabled=\u00a0\u00bb0&Prime;][\/et_pb_comments][\/et_pb_column][\/et_pb_row][\/et_pb_section]<\/p>\n","protected":false},"excerpt":{"rendered":"<p>D\u00e9couvrez comment le Mode Professionnel peut r\u00e9volutionner votre pr\u00e9sence en ligne en offrant des outils adapt\u00e9s aux cr\u00e9ateurs tout en pr\u00e9servant votre identit\u00e9 personnelle. Explorez les nouvelles fonctionnalit\u00e9s qui vous permettent de maximiser votre visibilit\u00e9 et d&rsquo;acc\u00e9der \u00e0 des opportunit\u00e9s de mon\u00e9tisation sans compromettre votre vie priv\u00e9e.<\/p>\n","protected":false},"author":1,"featured_media":121247,"comment_status":"closed","ping_status":"open","sticky":false,"template":"","format":"standard","meta":{"_et_pb_use_builder":"on","_et_pb_old_content":"","_et_gb_content_width":"1080","footnotes":""},"categories":[182,182,183,183],"tags":[],"class_list":{"0":"post-119830","1":"post","2":"type-post","3":"status-publish","4":"format-standard","5":"has-post-thumbnail","6":"hentry","7":"category-formation-facebook","9":"category-meta-facebook-business"},"_links":{"self":[{"href":"https:\/\/dgtil.ai\/fr\/wp-json\/wp\/v2\/posts\/119830","targetHints":{"allow":["GET"]}}],"collection":[{"href":"https:\/\/dgtil.ai\/fr\/wp-json\/wp\/v2\/posts"}],"about":[{"href":"https:\/\/dgtil.ai\/fr\/wp-json\/wp\/v2\/types\/post"}],"author":[{"embeddable":true,"href":"https:\/\/dgtil.ai\/fr\/wp-json\/wp\/v2\/users\/1"}],"replies":[{"embeddable":true,"href":"https:\/\/dgtil.ai\/fr\/wp-json\/wp\/v2\/comments?post=119830"}],"version-history":[{"count":5,"href":"https:\/\/dgtil.ai\/fr\/wp-json\/wp\/v2\/posts\/119830\/revisions"}],"predecessor-version":[{"id":121249,"href":"https:\/\/dgtil.ai\/fr\/wp-json\/wp\/v2\/posts\/119830\/revisions\/121249"}],"wp:featuredmedia":[{"embeddable":true,"href":"https:\/\/dgtil.ai\/fr\/wp-json\/wp\/v2\/media\/121247"}],"wp:attachment":[{"href":"https:\/\/dgtil.ai\/fr\/wp-json\/wp\/v2\/media?parent=119830"}],"wp:term":[{"taxonomy":"category","embeddable":true,"href":"https:\/\/dgtil.ai\/fr\/wp-json\/wp\/v2\/categories?post=119830"},{"taxonomy":"post_tag","embeddable":true,"href":"https:\/\/dgtil.ai\/fr\/wp-json\/wp\/v2\/tags?post=119830"}],"curies":[{"name":"wp","href":"https:\/\/api.w.org\/{rel}","templated":true}]}}